{"id":13828,"date":"2026-04-24T15:57:49","date_gmt":"2026-04-24T20:57:49","guid":{"rendered":"https:\/\/azulnaranja.ucatolicaluisamigo.edu.co\/?p=13828"},"modified":"2026-04-24T15:59:38","modified_gmt":"2026-04-24T20:59:38","slug":"el-productor-invisible-construir-musica-electronica-desde-la-soledad","status":"publish","type":"post","link":"https:\/\/azulnaranja.ucatolicaluisamigo.edu.co\/?p=13828","title":{"rendered":"El productor invisible: construir m\u00fasica electr\u00f3nica desde la soledad"},"content":{"rendered":"\n<p>Por: Estefan\u00eda G\u00f3mez y Juan Diego Henao<\/p>\n\n\n\n<p><strong>Detr\u00e1s de cada beat que mueve a miles hay horas de silencio, pantallas encendidas y una b\u00fasqueda que pocos ven. As\u00ed se hace la m\u00fasica electr\u00f3nica.<\/strong><\/p>\n\n\n\n<p>La pantalla ilumina el cuarto oscuro. Son las 2:37 de la ma\u00f1ana y el mismo beat se repite una y otra vez. No hay p\u00fablico, no hay luces, no hay aplausos. Solo un productor frente a su computador, ajustando un sonido casi imperceptible para cualquier o\u00eddo distra\u00eddo. Afuera todo est\u00e1 en silencio, pero ah\u00ed dentro se construye algo que, eventualmente, podr\u00eda hacer vibrar a miles de personas.<\/p>\n\n\n\n<p>La m\u00fasica electr\u00f3nica es un arte que, a pesar de su popularidad, sigue siendo incomprendido por muchos oyentes ocasionales. Es f\u00e1cil escuchar sets en la radio o en festivales multitudinarios, pero pocos logran dimensionar la complejidad que existe detr\u00e1s de cada transici\u00f3n, cada sintetizador y cada golpe de bajo. M\u00e1s all\u00e1 de las m\u00e1quinas y los programas, este arte es una forma de expresi\u00f3n que exige disciplina t\u00e9cnica y sensibilidad musical.<\/p>\n\n\n\n<p>Este g\u00e9nero no naci\u00f3 de la nada. Surgi\u00f3 de la curiosidad de inventores y m\u00fasicos que se atrevieron a imaginar sonidos que no exist\u00edan. A principios del siglo XX, ingenieros comenzaron a experimentar con dispositivos electr\u00f3nicos capaces de generar sonido, marcando el inicio de un movimiento creativo que transformar\u00eda la historia de la m\u00fasica. Entre los pioneros se destacaron L\u00e9on Theremin y Maurice Martenot, quienes desarrollaron instrumentos como el therem\u00edn y las Ondas Martenot, capaces de producir sonido sin contacto f\u00edsico. Estas invenciones demostraron que la m\u00fasica pod\u00eda crearse de formas completamente nuevas (Pereira, 2024).<\/p>\n\n\n\n<p>El verdadero salto hacia la producci\u00f3n musical lleg\u00f3 con la aparici\u00f3n del sintetizador en las d\u00e9cadas de 1950 y 1960, desarrollado por figuras como Robert Moog y Don Buchla. Este instrumento permiti\u00f3 crear sonidos in\u00e9ditos, imposibles de lograr con instrumentos tradicionales. Su impacto fue tan grande que trascendi\u00f3 la m\u00fasica electr\u00f3nica, influyendo en g\u00e9neros como el rock y la m\u00fasica cl\u00e1sica. A partir de ah\u00ed, el sonido dej\u00f3 de ser \u00fanicamente interpretado: empez\u00f3 a ser dise\u00f1ado.<\/p>\n\n\n\n<p>Con el paso del tiempo, los productores de m\u00fasica electr\u00f3nica se convirtieron en figuras clave dentro de la industria. Ya no se trataba solo de m\u00fasicos, sino de creadores que deb\u00edan dominar tanto la t\u00e9cnica como la creatividad. La producci\u00f3n musical moderna combina procesos que van desde la composici\u00f3n hasta la mezcla y la masterizaci\u00f3n, integrando habilidades art\u00edsticas y conocimientos t\u00e9cnicos (Editorial, s.f.).<\/p>\n\n\n\n<figure class=\"wp-block-image size-large\"><a href=\"https:\/\/azulnaranja.ucatolicaluisamigo.edu.co\/wp-content\/uploads\/2026\/04\/Electro-AzulNaranja2.jpeg\"><img loading=\"lazy\" decoding=\"async\" width=\"1024\" height=\"682\" src=\"https:\/\/azulnaranja.ucatolicaluisamigo.edu.co\/wp-content\/uploads\/2026\/04\/Electro-AzulNaranja2-1024x682.jpeg\" alt=\"\" class=\"wp-image-13830\" srcset=\"https:\/\/azulnaranja.ucatolicaluisamigo.edu.co\/wp-content\/uploads\/2026\/04\/Electro-AzulNaranja2-1024x682.jpeg 1024w, https:\/\/azulnaranja.ucatolicaluisamigo.edu.co\/wp-content\/uploads\/2026\/04\/Electro-AzulNaranja2-300x200.jpeg 300w, https:\/\/azulnaranja.ucatolicaluisamigo.edu.co\/wp-content\/uploads\/2026\/04\/Electro-AzulNaranja2-768x512.jpeg 768w, https:\/\/azulnaranja.ucatolicaluisamigo.edu.co\/wp-content\/uploads\/2026\/04\/Electro-AzulNaranja2-1536x1023.jpeg 1536w, https:\/\/azulnaranja.ucatolicaluisamigo.edu.co\/wp-content\/uploads\/2026\/04\/Electro-AzulNaranja2-780x520.jpeg 780w, https:\/\/azulnaranja.ucatolicaluisamigo.edu.co\/wp-content\/uploads\/2026\/04\/Electro-AzulNaranja2-640x426.jpeg 640w, https:\/\/azulnaranja.ucatolicaluisamigo.edu.co\/wp-content\/uploads\/2026\/04\/Electro-AzulNaranja2-600x400.jpeg 600w, https:\/\/azulnaranja.ucatolicaluisamigo.edu.co\/wp-content\/uploads\/2026\/04\/Electro-AzulNaranja2.jpeg 1600w\" sizes=\"auto, (max-width: 1024px) 100vw, 1024px\" \/><\/a><\/figure>\n\n\n\n<p>Sebasti\u00e1n R\u00edos \u2014nombre cambiado a petici\u00f3n suya\u2014 lleva seis a\u00f1os produciendo m\u00fasica electr\u00f3nica desde su apartamento en Medell\u00edn. Lo describe con honestidad: \u00abUno cree que es solo hacer m\u00fasica en el computador, pero hay d\u00edas en los que no sale nada. Puedes pasar horas frente a la pantalla y no lograr un sonido que te convenza\u00bb. Su experiencia refleja una realidad poco visible: la frustraci\u00f3n, el perfeccionismo y la repetici\u00f3n constante hacen parte del proceso creativo.<\/p>\n\n\n\n<p>En las d\u00e9cadas siguientes, la llegada de herramientas m\u00e1s accesibles como los samplers, los secuenciadores y las estaciones de trabajo de audio digital (DAW) transform\u00f3 por completo la producci\u00f3n musical. Lo que antes requer\u00eda grandes estudios y equipos costosos hoy puede hacerse desde un computador port\u00e1til. Un universo sonoro entero cabe en una pantalla.<\/p>\n\n\n\n<p>Pero esa accesibilidad no simplific\u00f3 el proceso; lo volvi\u00f3 m\u00e1s competitivo. Hoy, miles de productores alrededor del mundo crean m\u00fasica todos los d\u00edas, buscando diferenciarse. Cada detalle cuenta: la textura de un sintetizador, la profundidad del bajo, la limpieza de la mezcla. Detr\u00e1s de una canci\u00f3n de tres minutos puede haber semanas o incluso meses de trabajo.<\/p>\n\n\n\n<p>Adem\u00e1s de crear m\u00fasica, los productores han sido impulsores de movimientos culturales. La m\u00fasica electr\u00f3nica no solo se escucha, se vive. Ha dado origen a festivales, comunidades y espacios donde el sonido se convierte en una experiencia colectiva. Lo que comenz\u00f3 en laboratorios y estudios experimentales hoy resuena en escenarios con decenas de miles de asistentes.<\/p>\n\n\n\n<p>A finales del siglo XX y comienzos del XXI, el g\u00e9nero se consolid\u00f3 como una fuerza dominante en la m\u00fasica mundial. Subg\u00e9neros como el house, el techno, el trance, el drum and bass y el dubstep comenzaron a expandirse, mezcl\u00e1ndose entre s\u00ed y evolucionando constantemente. Esta diversidad permiti\u00f3 que la m\u00fasica electr\u00f3nica se adaptara a diferentes p\u00fablicos y contextos. Como afirma el DJ y productor espa\u00f1ol Carlos \u00abDJ Nano\u00bb Guti\u00e9rrez, \u00abla m\u00fasica electr\u00f3nica ha dejado de ser un nicho para convertirse en el pulso de la m\u00fasica global\u00bb (G\u00f3mez, s.f.).<\/p>\n\n\n\n<figure class=\"wp-block-image size-large\"><a href=\"https:\/\/azulnaranja.ucatolicaluisamigo.edu.co\/wp-content\/uploads\/2026\/04\/Electro-AzulNaranja3.jpeg\"><img loading=\"lazy\" decoding=\"async\" width=\"1024\" height=\"682\" src=\"https:\/\/azulnaranja.ucatolicaluisamigo.edu.co\/wp-content\/uploads\/2026\/04\/Electro-AzulNaranja3-1024x682.jpeg\" alt=\"\" class=\"wp-image-13832\" srcset=\"https:\/\/azulnaranja.ucatolicaluisamigo.edu.co\/wp-content\/uploads\/2026\/04\/Electro-AzulNaranja3-1024x682.jpeg 1024w, https:\/\/azulnaranja.ucatolicaluisamigo.edu.co\/wp-content\/uploads\/2026\/04\/Electro-AzulNaranja3-300x200.jpeg 300w, https:\/\/azulnaranja.ucatolicaluisamigo.edu.co\/wp-content\/uploads\/2026\/04\/Electro-AzulNaranja3-768x512.jpeg 768w, https:\/\/azulnaranja.ucatolicaluisamigo.edu.co\/wp-content\/uploads\/2026\/04\/Electro-AzulNaranja3-1536x1023.jpeg 1536w, https:\/\/azulnaranja.ucatolicaluisamigo.edu.co\/wp-content\/uploads\/2026\/04\/Electro-AzulNaranja3-780x520.jpeg 780w, https:\/\/azulnaranja.ucatolicaluisamigo.edu.co\/wp-content\/uploads\/2026\/04\/Electro-AzulNaranja3-640x426.jpeg 640w, https:\/\/azulnaranja.ucatolicaluisamigo.edu.co\/wp-content\/uploads\/2026\/04\/Electro-AzulNaranja3-600x400.jpeg 600w, https:\/\/azulnaranja.ucatolicaluisamigo.edu.co\/wp-content\/uploads\/2026\/04\/Electro-AzulNaranja3.jpeg 1600w\" sizes=\"auto, (max-width: 1024px) 100vw, 1024px\" \/><\/a><\/figure>\n\n\n\n<p>Aun as\u00ed, persiste un imaginario equivocado: muchos creen que el DJ simplemente \u00abpone m\u00fasica\u00bb. Esta idea reduce todo un proceso creativo a un acto superficial. Lo que el p\u00fablico escucha en una fiesta es solo el resultado final de horas de producci\u00f3n, selecci\u00f3n y experimentaci\u00f3n. Cada track que suena fue pensado, construido y perfeccionado en soledad.<\/p>\n\n\n\n<p>La llegada de plataformas como SoundCloud, YouTube y Spotify transform\u00f3 a\u00fan m\u00e1s el panorama. Hoy, cualquier productor puede compartir su m\u00fasica con el mundo sin necesidad de una disquera. Esto democratiz\u00f3 la industria y permiti\u00f3 el surgimiento de nuevos talentos. Seg\u00fan Mart\u00ednez (2023), las plataformas de streaming ampliaron las formas de difusi\u00f3n y consumo, y facilitaron que los artistas independientes alcanzaran audiencias globales.<\/p>\n\n\n\n<p>Esa apertura, sin embargo, tambi\u00e9n implica nuevos desaf\u00edos. Destacar en un entorno saturado requiere no solo talento, sino constancia, identidad y estrategia. La m\u00fasica electr\u00f3nica se ha convertido en un campo donde convergen el arte, la tecnolog\u00eda y el mercado.<\/p>\n\n\n\n<p>En medio de todo esto, el productor sigue siendo una figura silenciosa. No siempre est\u00e1 en el escenario ni frente a las c\u00e1maras, pero su trabajo es el coraz\u00f3n de la experiencia musical. Es quien transforma ideas abstractas en sonidos concretos, quien convierte emociones en frecuencias.<\/p>\n\n\n\n<figure class=\"wp-block-image size-large\"><a href=\"https:\/\/azulnaranja.ucatolicaluisamigo.edu.co\/wp-content\/uploads\/2026\/04\/Electro-AzulNaranja4.jpeg\"><img loading=\"lazy\" decoding=\"async\" width=\"1024\" height=\"682\" src=\"https:\/\/azulnaranja.ucatolicaluisamigo.edu.co\/wp-content\/uploads\/2026\/04\/Electro-AzulNaranja4-1024x682.jpeg\" alt=\"\" class=\"wp-image-13833\" srcset=\"https:\/\/azulnaranja.ucatolicaluisamigo.edu.co\/wp-content\/uploads\/2026\/04\/Electro-AzulNaranja4-1024x682.jpeg 1024w, https:\/\/azulnaranja.ucatolicaluisamigo.edu.co\/wp-content\/uploads\/2026\/04\/Electro-AzulNaranja4-300x200.jpeg 300w, https:\/\/azulnaranja.ucatolicaluisamigo.edu.co\/wp-content\/uploads\/2026\/04\/Electro-AzulNaranja4-768x512.jpeg 768w, https:\/\/azulnaranja.ucatolicaluisamigo.edu.co\/wp-content\/uploads\/2026\/04\/Electro-AzulNaranja4-1536x1023.jpeg 1536w, https:\/\/azulnaranja.ucatolicaluisamigo.edu.co\/wp-content\/uploads\/2026\/04\/Electro-AzulNaranja4-780x520.jpeg 780w, https:\/\/azulnaranja.ucatolicaluisamigo.edu.co\/wp-content\/uploads\/2026\/04\/Electro-AzulNaranja4-640x426.jpeg 640w, https:\/\/azulnaranja.ucatolicaluisamigo.edu.co\/wp-content\/uploads\/2026\/04\/Electro-AzulNaranja4-600x400.jpeg 600w, https:\/\/azulnaranja.ucatolicaluisamigo.edu.co\/wp-content\/uploads\/2026\/04\/Electro-AzulNaranja4.jpeg 1600w\" sizes=\"auto, (max-width: 1024px) 100vw, 1024px\" \/><\/a><\/figure>\n\n\n\n<p>Esa capacidad de generar emociones no es solo una percepci\u00f3n subjetiva; tiene explicaci\u00f3n biol\u00f3gica. La m\u00fasica electr\u00f3nica, con sus ritmos acelerados y sonidos envolventes, puede influir directamente en el estado de \u00e1nimo de los oyentes. Este tipo de est\u00edmulos favorece la actividad cerebral y la liberaci\u00f3n de neurotransmisores como la dopamina, asociada al placer y la recompensa. Adem\u00e1s, sus patrones r\u00edtmicos pueden modificar las ondas cerebrales, incrementando el estado de alerta y la concentraci\u00f3n, lo que explica por qu\u00e9 suele usarse en contextos como el ejercicio f\u00edsico o momentos que requieren energ\u00eda y motivaci\u00f3n, seg\u00fan se\u00f1ala la Fundaci\u00f3n Evires, organizaci\u00f3n espa\u00f1ola dedicada al estudio del impacto de la m\u00fasica en la salud (s.f.).<\/p>\n\n\n\n<p>As\u00ed, lo que para algunos es repetici\u00f3n o ruido, para otros es una forma profunda de arte. Una que no siempre se entiende a simple escucha, pero que se siente con una intensidad que los inexpertos suelen subestimar.<\/p>\n\n\n\n<p>Este fen\u00f3meno global se ha integrado en la cotidianidad de quienes lo escuchan. La m\u00fasica electr\u00f3nica acompa\u00f1a rutinas, estados de \u00e1nimo y momentos espec\u00edficos: desde ritmos euf\u00f3ricos y contundentes como el techno, hasta sonidos m\u00e1s envolventes como el house, que invitan a una experiencia m\u00e1s c\u00e1lida y emocional. Cada subg\u00e9nero encuentra su lugar en la vida diaria, adapt\u00e1ndose a los gustos, las emociones y las necesidades de quienes lo habitan.<\/p>\n\n\n\n<p>Para productores como Sebasti\u00e1n, resulta casi m\u00e1gico comprender que, despu\u00e9s de horas frente a una pantalla en espacios \u00edntimos, a veces solitarios e incluso melanc\u00f3licos, su trabajo puede trascender fronteras. Sus creaciones se convierten en un lenguaje universal capaz de conectar culturas distintas. As\u00ed, lo que comenz\u00f3 como un proceso individual termina reuniendo a multitudes en un mismo lugar, donde el sonido se transforma en un punto de encuentro y las personas comparten, a trav\u00e9s de la m\u00fasica, una misma sensaci\u00f3n de libertad y emoci\u00f3n.<\/p>\n\n\n\n<p>La producci\u00f3n de m\u00fasica electr\u00f3nica confirma que no todo necesita palabras para tener sentido. A veces, un sonido basta para provocar, remover o conectar. No hay f\u00f3rmulas exactas, solo intenci\u00f3n, un buen o\u00eddo y la capacidad de transformar lo que se siente en algo que otros puedan experimentar. Ah\u00ed, en esa traducci\u00f3n invisible, es donde realmente ocurre la m\u00fasica.<\/p>\n","protected":false},"excerpt":{"rendered":"<p>Por: Estefan\u00eda G\u00f3mez y Juan Diego Henao Detr\u00e1s de cada beat que mueve a miles hay horas de silencio, pantallas encendidas y una b\u00fasqueda que<\/p>\n","protected":false},"author":2,"featured_media":13831,"comment_status":"open","ping_status":"open","sticky":false,"template":"","format":"standard","meta":{"footnotes":""},"categories":[1294],"tags":[20,712,36,1373,1325,1388],"class_list":["post-13828","post","type-post","status-publish","format-standard","has-post-thumbnail","hentry","category-narrativas","tag-arte","tag-azulnaranja","tag-cultura","tag-manizales","tag-mediouniversitario","tag-ucatolicaluisamigo"],"_links":{"self":[{"href":"https:\/\/azulnaranja.ucatolicaluisamigo.edu.co\/index.php?rest_route=\/wp\/v2\/posts\/13828","targetHints":{"allow":["GET"]}}],"collection":[{"href":"https:\/\/azulnaranja.ucatolicaluisamigo.edu.co\/index.php?rest_route=\/wp\/v2\/posts"}],"about":[{"href":"https:\/\/azulnaranja.ucatolicaluisamigo.edu.co\/index.php?rest_route=\/wp\/v2\/types\/post"}],"author":[{"embeddable":true,"href":"https:\/\/azulnaranja.ucatolicaluisamigo.edu.co\/index.php?rest_route=\/wp\/v2\/users\/2"}],"replies":[{"embeddable":true,"href":"https:\/\/azulnaranja.ucatolicaluisamigo.edu.co\/index.php?rest_route=%2Fwp%2Fv2%2Fcomments&post=13828"}],"version-history":[{"count":1,"href":"https:\/\/azulnaranja.ucatolicaluisamigo.edu.co\/index.php?rest_route=\/wp\/v2\/posts\/13828\/revisions"}],"predecessor-version":[{"id":13834,"href":"https:\/\/azulnaranja.ucatolicaluisamigo.edu.co\/index.php?rest_route=\/wp\/v2\/posts\/13828\/revisions\/13834"}],"wp:featuredmedia":[{"embeddable":true,"href":"https:\/\/azulnaranja.ucatolicaluisamigo.edu.co\/index.php?rest_route=\/wp\/v2\/media\/13831"}],"wp:attachment":[{"href":"https:\/\/azulnaranja.ucatolicaluisamigo.edu.co\/index.php?rest_route=%2Fwp%2Fv2%2Fmedia&parent=13828"}],"wp:term":[{"taxonomy":"category","embeddable":true,"href":"https:\/\/azulnaranja.ucatolicaluisamigo.edu.co\/index.php?rest_route=%2Fwp%2Fv2%2Fcategories&post=13828"},{"taxonomy":"post_tag","embeddable":true,"href":"https:\/\/azulnaranja.ucatolicaluisamigo.edu.co\/index.php?rest_route=%2Fwp%2Fv2%2Ftags&post=13828"}],"curies":[{"name":"wp","href":"https:\/\/api.w.org\/{rel}","templated":true}]}}