{"id":13835,"date":"2026-04-27T09:27:27","date_gmt":"2026-04-27T14:27:27","guid":{"rendered":"https:\/\/azulnaranja.ucatolicaluisamigo.edu.co\/?p=13835"},"modified":"2026-04-27T09:27:27","modified_gmt":"2026-04-27T14:27:27","slug":"el-ritmo-del-mundo-y-la-gracia-de-lo-invisible","status":"publish","type":"post","link":"https:\/\/azulnaranja.ucatolicaluisamigo.edu.co\/?p=13835","title":{"rendered":"El ritmo del mundo y la gracia de lo invisible"},"content":{"rendered":"\n<p><strong>Por: <\/strong>Daniel Gonz\u00e1lez<\/p>\n\n\n\n<p>La palabra Baraka proviene del \u00e1rabe isl\u00e1mico, esta nos remite a algo mas que una simple traducci\u00f3n. Puede entenderse como una bendici\u00f3n, una gracia divina, una energ\u00eda et\u00e9rea que habita en los cuerpos en los objetos, en las personas y en los actos, es un deseo que se le brinda a el otro, \u201cBaraka allahu fik\u201d Que dios te de Baraka, es aquello que esta tocado por dios, pero, tambi\u00e9n algo que se transmite, que circula entre los seres. Desde una idea inicial, el film se nos presenta no solo como un ejercicio visual sino como una experiencia sensorial que intenta capturar esa dimensi\u00f3n invisible que atraviesa nuestra existencia.<\/p>\n\n\n\n<p>El inicio se plantea una relaci\u00f3n entre el origen, la contemplaci\u00f3n y la conciencia. Una de las im\u00e1genes principio nos muestra a un primate observando el vac\u00edo, unos segundos despu\u00e9s unas tomas del espacio, desde mi perspectiva vi en ellas el tan famoso efecto Kuleshov, adem\u00e1s nos evoca un dialogo visual con 2001: A Space Odyssey de Staley Kubrick, el paso del instinto a la conciencia marca un punto de quiebre en la evoluci\u00f3n&nbsp;&nbsp; humana.<\/p>\n\n\n\n<p>En este recorrido, la diversidad cultural ocupa un lugar central, este poema audiovisual se rod\u00f3 en cinco continentes, 24 pa\u00edses donde podemos ver exteriores tan diversos como Tanzania, China, Brasil, Jap\u00f3n, Kuwait, Camboya, Ir\u00e1n y Nepal, el documental no se limita a mostrar diferencias, sino que las pone en relaci\u00f3n, esto no se trata \u00fanicamente de una suma de culturas, es una experiencia pluricultural donde los distintos modos de vida dialogan entre s\u00ed a trav\u00e9s de la imagen; la cultural aparece entonces como un conjunto de pr\u00e1cticas vivas: formas de habitar el espacio, de organizar el tiempo, una forma de comprender el mundo a trav\u00e9s de s\u00edmbolos, gestos y paisajes que remiten a algo m\u00e1s profundo que lo inmediato; esta dimensi\u00f3n se vincula con la espiritualidad, entendida como una constante en la experiencia humana, la b\u00fasqueda de trascender, de establecer un v\u00ednculo con aquello que excede lo material, ya sea a trav\u00e9s de la arquitectura, del ritual o de la contemplaci\u00f3n de la naturaleza.<\/p>\n\n\n\n<figure class=\"wp-block-image size-large\"><a href=\"https:\/\/azulnaranja.ucatolicaluisamigo.edu.co\/wp-content\/uploads\/2026\/04\/Baraka-AzulNaranja2.webp\"><img loading=\"lazy\" decoding=\"async\" width=\"1024\" height=\"469\" src=\"https:\/\/azulnaranja.ucatolicaluisamigo.edu.co\/wp-content\/uploads\/2026\/04\/Baraka-AzulNaranja2-1024x469.webp\" alt=\"\" class=\"wp-image-13837\" srcset=\"https:\/\/azulnaranja.ucatolicaluisamigo.edu.co\/wp-content\/uploads\/2026\/04\/Baraka-AzulNaranja2-1024x469.webp 1024w, https:\/\/azulnaranja.ucatolicaluisamigo.edu.co\/wp-content\/uploads\/2026\/04\/Baraka-AzulNaranja2-300x137.webp 300w, https:\/\/azulnaranja.ucatolicaluisamigo.edu.co\/wp-content\/uploads\/2026\/04\/Baraka-AzulNaranja2-768x352.webp 768w, https:\/\/azulnaranja.ucatolicaluisamigo.edu.co\/wp-content\/uploads\/2026\/04\/Baraka-AzulNaranja2-1536x703.webp 1536w, https:\/\/azulnaranja.ucatolicaluisamigo.edu.co\/wp-content\/uploads\/2026\/04\/Baraka-AzulNaranja2.webp 1920w\" sizes=\"auto, (max-width: 1024px) 100vw, 1024px\" \/><\/a><\/figure>\n\n\n\n<p>Dentro de este entramado, el rito adquiere una importancia fundamental, las ceremonias, las repeticiones y los movimientos colectivos funcionan como estructuras de sentido que organizan la vida social, a trav\u00e9s del cuerpo, del gesto y de la acci\u00f3n, se transmiten saberes. El espectador no recibe un mensaje cerrado, sino que construye sentido a partir de lo que percibe, as\u00ed, la obra ampl\u00eda la noci\u00f3n de comunicaci\u00f3n, mostrando que esta no depende exclusivamente del lenguaje verbal, sino que puede surgir desde la percepci\u00f3n, la emoci\u00f3n y el cuerpo.<\/p>\n\n\n\n<p>Es precisamente en este punto donde esta construcci\u00f3n audiovisual adquiere toda su potencia, a trav\u00e9s de composiciones cuidadas, simetr\u00edas, puntos de fuga, contrastes de color y formas arquitect\u00f3nicas, se construye una est\u00e9tica que no solo representa el mundo, sino que lo interpreta. El montaje, entendido como la relaci\u00f3n entre im\u00e1genes, se convierte en un elemento central de significaci\u00f3n, como plantea Sergei Eisenstein, el sentido emerge del choque entre planos, y aqu\u00ed esa l\u00f3gica se evidencia en la constante uni\u00f3n entre naturaleza, espiritualidad y modernidad.<\/p>\n\n\n\n<p>Cada encuadre parece responder a una b\u00fasqueda de equilibrio y trascendencia. Las construcciones humanas (templos, monumentos, ciudades) aparecen como intentos de aproximaci\u00f3n a lo divino, mientras que los paisajes naturales sugieren un orden arm\u00f3nico que no ha sido intervenido, sin embargo, esta relaci\u00f3n se transforma progresivamente a medida que el ritmo de la obra cambia.<\/p>\n\n\n\n<p>La lentitud contemplativa del inicio da paso a una aceleraci\u00f3n marcada por la repetici\u00f3n y la intensidad visual, desde el punto de vista cinematogr\u00e1fico estos cambios alteran la percepci\u00f3n del espectador, genera un sensaci\u00f3n de v\u00e9rtigo, pasar de planos lentos a aceleraci\u00f3n y repetici\u00f3n, d\u00e1ndonos esa sensaci\u00f3n de una cotidianidad modificada por la &nbsp;velocidad misma en que viven las grandes ciudades capitalistas, los cuerpos se mecanizan, los movimientos se repiten y la vida cotidiana se convierte en una secuencia automatizada, en contraste con los rituales, la modernidad impone un tiempo fragmentado que desarticula las formas tradicionales de habitar el mundo.<\/p>\n\n\n\n<figure class=\"wp-block-image size-large\"><a href=\"https:\/\/azulnaranja.ucatolicaluisamigo.edu.co\/wp-content\/uploads\/2026\/04\/Baraka-AzulNaranja3.webp\"><img loading=\"lazy\" decoding=\"async\" width=\"1024\" height=\"467\" src=\"https:\/\/azulnaranja.ucatolicaluisamigo.edu.co\/wp-content\/uploads\/2026\/04\/Baraka-AzulNaranja3-1024x467.webp\" alt=\"\" class=\"wp-image-13838\" srcset=\"https:\/\/azulnaranja.ucatolicaluisamigo.edu.co\/wp-content\/uploads\/2026\/04\/Baraka-AzulNaranja3-1024x467.webp 1024w, https:\/\/azulnaranja.ucatolicaluisamigo.edu.co\/wp-content\/uploads\/2026\/04\/Baraka-AzulNaranja3-300x137.webp 300w, https:\/\/azulnaranja.ucatolicaluisamigo.edu.co\/wp-content\/uploads\/2026\/04\/Baraka-AzulNaranja3-768x350.webp 768w, https:\/\/azulnaranja.ucatolicaluisamigo.edu.co\/wp-content\/uploads\/2026\/04\/Baraka-AzulNaranja3-1536x701.webp 1536w, https:\/\/azulnaranja.ucatolicaluisamigo.edu.co\/wp-content\/uploads\/2026\/04\/Baraka-AzulNaranja3.webp 1600w\" sizes=\"auto, (max-width: 1024px) 100vw, 1024px\" \/><\/a><\/figure>\n\n\n\n<p>En este tr\u00e1nsito, las ra\u00edces culturales se ven tensionadas. La relaci\u00f3n con lo sagrado se debilita, y aquello que antes estaba ligado a la contemplaci\u00f3n y al sentido colectivo se transforma en flujo constante, la aceleraci\u00f3n no solo modifica los espacios, sino tambi\u00e9n las formas de pensar, de sentir y de existir.<\/p>\n\n\n\n<p>En \u00faltima instancia, lo que emerge es una tensi\u00f3n fundamental: la distancia creciente entre el ser humano y la naturaleza, entre el sentido y la velocidad, entre lo sagrado y lo productivo. Este poema audio visual no ofrece respuestas pero si una forma de observar, de detenerse a percibir nuestro alrededor, a reconocer al otro, a los otros, incluso en medio de tanto v\u00e9rtigo contempor\u00e1neo a\u00fan es posible encontrar sentido en la relaci\u00f3n entre el ser humano, la naturaleza, lo que trasciende.<\/p>\n","protected":false},"excerpt":{"rendered":"<p>Por: Daniel Gonz\u00e1lez La palabra Baraka proviene del \u00e1rabe isl\u00e1mico, esta nos remite a algo mas que una simple traducci\u00f3n. Puede entenderse como una bendici\u00f3n,<\/p>\n","protected":false},"author":2,"featured_media":13836,"comment_status":"open","ping_status":"open","sticky":false,"template":"","format":"standard","meta":{"footnotes":""},"categories":[1296],"tags":[20,712,36,1373,1325,1388],"class_list":["post-13835","post","type-post","status-publish","format-standard","has-post-thumbnail","hentry","category-perspectivas","tag-arte","tag-azulnaranja","tag-cultura","tag-manizales","tag-mediouniversitario","tag-ucatolicaluisamigo"],"_links":{"self":[{"href":"https:\/\/azulnaranja.ucatolicaluisamigo.edu.co\/index.php?rest_route=\/wp\/v2\/posts\/13835","targetHints":{"allow":["GET"]}}],"collection":[{"href":"https:\/\/azulnaranja.ucatolicaluisamigo.edu.co\/index.php?rest_route=\/wp\/v2\/posts"}],"about":[{"href":"https:\/\/azulnaranja.ucatolicaluisamigo.edu.co\/index.php?rest_route=\/wp\/v2\/types\/post"}],"author":[{"embeddable":true,"href":"https:\/\/azulnaranja.ucatolicaluisamigo.edu.co\/index.php?rest_route=\/wp\/v2\/users\/2"}],"replies":[{"embeddable":true,"href":"https:\/\/azulnaranja.ucatolicaluisamigo.edu.co\/index.php?rest_route=%2Fwp%2Fv2%2Fcomments&post=13835"}],"version-history":[{"count":1,"href":"https:\/\/azulnaranja.ucatolicaluisamigo.edu.co\/index.php?rest_route=\/wp\/v2\/posts\/13835\/revisions"}],"predecessor-version":[{"id":13839,"href":"https:\/\/azulnaranja.ucatolicaluisamigo.edu.co\/index.php?rest_route=\/wp\/v2\/posts\/13835\/revisions\/13839"}],"wp:featuredmedia":[{"embeddable":true,"href":"https:\/\/azulnaranja.ucatolicaluisamigo.edu.co\/index.php?rest_route=\/wp\/v2\/media\/13836"}],"wp:attachment":[{"href":"https:\/\/azulnaranja.ucatolicaluisamigo.edu.co\/index.php?rest_route=%2Fwp%2Fv2%2Fmedia&parent=13835"}],"wp:term":[{"taxonomy":"category","embeddable":true,"href":"https:\/\/azulnaranja.ucatolicaluisamigo.edu.co\/index.php?rest_route=%2Fwp%2Fv2%2Fcategories&post=13835"},{"taxonomy":"post_tag","embeddable":true,"href":"https:\/\/azulnaranja.ucatolicaluisamigo.edu.co\/index.php?rest_route=%2Fwp%2Fv2%2Ftags&post=13835"}],"curies":[{"name":"wp","href":"https:\/\/api.w.org\/{rel}","templated":true}]}}